{"id":3500,"date":"2022-09-05T00:12:00","date_gmt":"2022-09-04T22:12:00","guid":{"rendered":"https:\/\/e-mh.eu\/?p=3500"},"modified":"2022-12-23T11:52:33","modified_gmt":"2022-12-23T10:52:33","slug":"przyszlosc-zalezy-od-cen-energii","status":"publish","type":"post","link":"https:\/\/e-mh.eu\/index.php\/2022\/09\/05\/przyszlosc-zalezy-od-cen-energii\/","title":{"rendered":"PRZYSZ\u0141O\u015a\u0106 ZALE\u017bY OD CEN ENERGII"},"content":{"rendered":"\n<figure class=\"wp-block-image alignright size-large is-resized\"><img loading=\"lazy\" decoding=\"async\" src=\"http:\/\/e-mh.eu\/wp-content\/uploads\/2022\/09\/P.Grzesiak-777x1024.jpg\" alt=\"\" class=\"wp-image-3501\" width=\"358\" height=\"472\" srcset=\"https:\/\/e-mh.eu\/wp-content\/uploads\/2022\/09\/P.Grzesiak-777x1024.jpg 777w, https:\/\/e-mh.eu\/wp-content\/uploads\/2022\/09\/P.Grzesiak-228x300.jpg 228w, https:\/\/e-mh.eu\/wp-content\/uploads\/2022\/09\/P.Grzesiak-768x1012.jpg 768w, https:\/\/e-mh.eu\/wp-content\/uploads\/2022\/09\/P.Grzesiak-1166x1536.jpg 1166w, https:\/\/e-mh.eu\/wp-content\/uploads\/2022\/09\/P.Grzesiak-1554x2048.jpg 1554w, https:\/\/e-mh.eu\/wp-content\/uploads\/2022\/09\/P.Grzesiak-scaled.jpg 1943w\" sizes=\"auto, (max-width: 358px) 100vw, 358px\" \/><figcaption><strong><em>Wiceprezes Cognor Holding i dyrektor generalny HSJ Przemys\u0142aw Grzesiak.<\/em><\/strong><\/figcaption><\/figure>\n\n\n\n<p class=\"has-text-align-center\"><strong>ROZMOWA &#8222;MH&#8221; Z  PRZEMYS\u0141AWEM GRZESIAKIEM WICEPREZESEM ZARZ\u0104DU COGNOR HOLDING I DYREKTOREM GENERALNYM COGNOR \u2013 ODDZIA\u0141 HUTA STALI JAKO\u015aCIOWYCH W STALOWEJ WOLI<\/strong><\/p>\n\n\n\n<p><strong>\u201eMH\u201d: Panie Prezesie! Od czerwca rynek stali wyhamowa\u0142, a ceny spad\u0142y. Cze\u015b\u0107 hut w Europie wygasza swoj\u0105 produkcj\u0119, inne znacz\u0105co j\u0105 zmniejszaj\u0105. Jaka jest sytuacja w Stalowej Woli?<\/strong><\/p>\n\n\n\n<p><strong>P.Grzesiak:<\/strong> Pierwsze tegoroczne miesi\u0105ce to kontynuacja znakomitego roku 2021. Faktycznie od czerwca, a nawet od po\u0142owy maja wielu producent\u00f3w stali zacz\u0119\u0142o odczuwa\u0107 spadek zam\u00f3wie\u0144, co prze\u0142o\u017cy\u0142o si\u0119 na ceny wyrob\u00f3w. Do tego dosz\u0142y znacz\u0105ce podwy\u017cki cen energii, gazu i innych niezb\u0119dnych surowc\u00f3w, co w konsekwencji doprowadzi\u0142o do czasowego wygaszania produkcji&nbsp; lub jej ograniczania. Taka sytuacja mia\u0142a miejsce r\u00f3wnie\u017c w naszej Grupie. Mam tu na my\u015bli gliwicki Ferrostal \u0141ab\u0119dy, gdzie byli\u015bmy zmuszeni do podj\u0119cia decyzji o czasowym wy\u0142\u0105czeniu pieca, kt\u00f3ry obecnie jest ponownie uruchamiany.<\/p>\n\n\n\n<p>Najgorzej jest og\u00f3lnie m\u00f3wi\u0105c w zak\u0142adach produkuj\u0105cych wyroby d\u0142ugie, g\u0142\u00f3wnie dla bran\u017cy budowlanej i konstrukcyjnej. Nic nie wskazuje, \u017ce obecny trend mo\u017ce si\u0119 zmieni\u0107 w najbli\u017cszym czasie. Raczej taka sytuacja utrzyma si\u0119 przez kilka miesi\u0119cy, szczeg\u00f3lnie, \u017ce zaczynamy odczuwa\u0107 skutki sch\u0142odzenia gospodarki i wiele inwestycji developerskich, kt\u00f3re nap\u0119dza\u0142y rynek, wyhamowuje. My w Hucie Stali Jako\u015bciowych 70 proc. produkcji sprzedajemy dla bran\u017cy automotive w kontraktach d\u0142ugoterminowych, wi\u0119c nasza sytuacja nie powinna si\u0119 zmieni\u0107. Szczeg\u00f3lnie, \u017ce mamy prawie w 100 proc. wype\u0142niony i potwierdzony portfel zam\u00f3wie\u0144 do ko\u0144ca bie\u017c\u0105cego roku. Pozosta\u0142a nasza produkcja to tzw. sprzeda\u017c spotowa, z kt\u00f3r\u0105 zaczynamy mie\u0107 pewne problemy, ale nie wp\u0142ynie to zasadniczo na nasze wyniki produkcyjno-ekonomiczne.<\/p>\n\n\n\n<p>Jak co roku w sierpniu przeprowadzili\u015bmy planowany 3 tygodniowy remont walcowni a tak\u017ce tygodniowy w stalowni.&nbsp; W tym czasie dokonali\u015bmy niezb\u0119dnych przegl\u0105d\u00f3w i remont\u00f3w g\u0142\u00f3wnych linii produkcyjnych, tak by przez kolejne miesi\u0105ce produkowa\u0107 stal bez niespodzianek i przestoj\u00f3w.<\/p>\n\n\n\n<p><strong>\u201eMH\u201d: Wasza produkcja oparta jest na z\u0142omie. Jak kszta\u0142tuj\u0105 si\u0119 ceny i sytuacja na rynku tego zielonego surowca.<\/strong><\/p>\n\n\n\n<p><strong>P.Grzesiak: <\/strong>Dobrze, \u017ce Pan podkre\u015bli\u0142, zielonego surowca, bo niestety przez wi\u0119kszo\u015b\u0107 polityk\u00f3w z\u0142om uwa\u017cany jest za odpad. A to przecie\u017c bardzo cenny i zdekarbonizowany surowiec, kt\u00f3rego ponowne przetworzenie wymaga znacznie mniej energii i jest prawie bezemisyjne.<\/p>\n\n\n\n<p>Z\u0142om na rynku polskim zachowuje si\u0119 zupe\u0142nie inaczej ani\u017celi na rynku europejskim. U nas trudno prognozowa\u0107 jaka b\u0119dzie jego cena, bo zmienia si\u0119 to jak w kalejdoskopie. Moim zdaniem o ogromnych, niczym nieuzasadnionych pikach cenowych nie decyduje mechanizmy rynkowy &#8211; popytu i poda\u017cy, ale w g\u0142\u00f3wnej mierze grupy lobbuj\u0105ce, kt\u00f3re wp\u0142ywaj\u0105 na zawy\u017canie cen.<\/p>\n\n\n\n<p>W takich uwarunkowaniach trudno prowadzi si\u0119 biznes hutniczy, ale przyzwyczaili\u015bmy si\u0119 do tego , cho\u0107 czasem nasze mar\u017ce s\u0105 ni\u017csze ani\u017celi w planach czy podpisanych kontraktach.&nbsp; Staramy si\u0119 tym zjawiskom przeciwdzia\u0142a\u0107. Du\u017cym naszym atutem jest zdywersyfikowana sie\u0107 dostawc\u00f3w z\u0142omu. W dominuj\u0105cej cz\u0119\u015bci pozyskujemy go z rynku krajowego poprzez w\u0142asn\u0105 sie\u0107 sk\u0142adaj\u0105c\u0105 si\u0119 z 14 oddzia\u0142\u00f3w zlokalizowanych na terenie ca\u0142ej Polski, a tak\u017ce sprawdzonych dostawc\u00f3w zewn\u0119trznych.<\/p>\n\n\n\n<p>Od lat m\u00f3wi si\u0119 o ochronie rynku przed niekontrolowanym wywozem z\u0142omu poza Uni\u0119 Europejsk\u0105. Czy wprowadzenie limit\u00f3w lub op\u0142at wywozowych ustabilizowa\u0142oby ceny? Tak do ko\u0144ca nie jestem tego pewien, bo jak ju\u017c m\u00f3wi\u0142em polski rynek z\u0142omowy rz\u0105dzi si\u0119 innymi regu\u0142ami. Jednak trzeba pami\u0119ta\u0107, \u017ce przed nami ogromne wyzwania zwi\u0105zane ze zmian\u0105 technologii i przechodzeniem na produkcj\u0119 stali w piecach elektrycznych. Dzi\u015b mamy sytuacj\u0119, gdy z\u0142om wywo\u017cony jest do kraj\u00f3w trzecich i wraca w postaci gotowego produktu. Aby produkowa\u0107 zielon\u0105 stal i wype\u0142ni\u0107 za\u0142o\u017cenia programu \u201eFit for 55\u201d musimy zrobi\u0107 wszystko, by jak najwi\u0119cej tego zielonego surowca pozostawa\u0142o w kraju. To r\u00f3wnie\u017c powinno ustabilizowa\u0107 jego ceny. Je\u017celi zacznie brakowa\u0107 z\u0142omu to jego ceny poszybuj\u0105 w g\u00f3r\u0119.<\/p>\n\n\n\n<p><strong>\u201eMH\u201d: Obecnie g\u0142\u00f3wnym czynnikiem kosztotw\u00f3rczym hutnictwa s\u0105 media. Jak sobie z tym radzicie?<\/strong><\/p>\n\n\n\n<p><strong>P.Grzesiak: <\/strong>Wszyscy europejscy producenci stali s\u0105 w bardzo podobnej sytuacji, w obliczu kryzysu energetycznego, kt\u00f3ry musimy jako Unia i Polska rozwi\u0105za\u0107. Grupa Cognor ma zakontraktowane dostawy energii elektrycznej do ko\u0144ca 2022 roku i od nowego roku b\u0119dziemy musieli zmierzy\u0107 si\u0119 z wyzwaniem wysokich cen energii. Mamy plany jak w pewnym stopniu uniezale\u017cni\u0107 si\u0119 od dostaw energii, ale zbyt wcze\u015bnie, by m\u00f3wi\u0107 o konkretach. Do tego dochodz\u0105 niekorzystne dla przedsi\u0119biorstw regulacje prawne, kt\u00f3re niestety pomimo wielokrotnych zapowiedzi nadal stanowi\u0105 powa\u017cn\u0105 przeszkod\u0119 w rozwoju OZE w naszym kraju.<\/p>\n\n\n\n<p>Mam nadziej\u0119, \u017ce w najbli\u017cszym czasie zostan\u0105 wprowadzone przyjazne rozwi\u0105zania systemowe, kt\u00f3re u\u0142atwi\u0105 dzia\u0142alno\u015b\u0107 firm energoch\u0142onnych, w tym hutnictwa, bo to jest konieczne aby\u015bmy si\u0119 mogli rozwija\u0107. (&#8230;)<\/p>\n\n\n\n<p><strong>CA\u0141Y WYWIAD PRZECZYTASZ W NAJNOWSZYM WYDANIU &#8222;MH&#8221; 18\/2022<\/strong><\/p>\n","protected":false},"excerpt":{"rendered":"<p>ROZMOWA &#8222;MH&#8221; Z PRZEMYS\u0141AWEM GRZESIAKIEM WICEPREZESEM ZARZ\u0104DU COGNOR HOLDING I DYREKTOREM GENERALNYM COGNOR \u2013 ODDZIA\u0141 HUTA STALI JAKO\u015aCIOWYCH W STALOWEJ<\/p>\n","protected":false},"author":1,"featured_media":0,"comment_status":"closed","ping_status":"closed","sticky":false,"template":"","format":"standard","meta":{"footnotes":""},"categories":[9,8],"tags":[],"class_list":["post-3500","post","type-post","status-publish","format-standard","hentry","category-aktualnosci","category-nasza-rozmowa"],"_links":{"self":[{"href":"https:\/\/e-mh.eu\/index.php\/wp-json\/wp\/v2\/posts\/3500","targetHints":{"allow":["GET"]}}],"collection":[{"href":"https:\/\/e-mh.eu\/index.php\/wp-json\/wp\/v2\/posts"}],"about":[{"href":"https:\/\/e-mh.eu\/index.php\/wp-json\/wp\/v2\/types\/post"}],"author":[{"embeddable":true,"href":"https:\/\/e-mh.eu\/index.php\/wp-json\/wp\/v2\/users\/1"}],"replies":[{"embeddable":true,"href":"https:\/\/e-mh.eu\/index.php\/wp-json\/wp\/v2\/comments?post=3500"}],"version-history":[{"count":4,"href":"https:\/\/e-mh.eu\/index.php\/wp-json\/wp\/v2\/posts\/3500\/revisions"}],"predecessor-version":[{"id":3954,"href":"https:\/\/e-mh.eu\/index.php\/wp-json\/wp\/v2\/posts\/3500\/revisions\/3954"}],"wp:attachment":[{"href":"https:\/\/e-mh.eu\/index.php\/wp-json\/wp\/v2\/media?parent=3500"}],"wp:term":[{"taxonomy":"category","embeddable":true,"href":"https:\/\/e-mh.eu\/index.php\/wp-json\/wp\/v2\/categories?post=3500"},{"taxonomy":"post_tag","embeddable":true,"href":"https:\/\/e-mh.eu\/index.php\/wp-json\/wp\/v2\/tags?post=3500"}],"curies":[{"name":"wp","href":"https:\/\/api.w.org\/{rel}","templated":true}]}}