{"id":3320,"date":"2022-08-04T12:04:00","date_gmt":"2022-08-04T10:04:00","guid":{"rendered":"https:\/\/e-mh.eu\/?p=3320"},"modified":"2022-08-01T12:10:47","modified_gmt":"2022-08-01T10:10:47","slug":"3320","status":"publish","type":"post","link":"https:\/\/e-mh.eu\/index.php\/2022\/08\/04\/3320\/","title":{"rendered":"W TROSCE O PRZYSZ\u0141O\u015a\u0106 ZAK\u0141ADU I KOLEJNE POKOLENIA HUTNIK\u00d3W"},"content":{"rendered":"\n<p><strong>ROZMOWA \u201eMH\u201d Z ARTUREM JACKIEM WILKONIEM PRZEWODNICZ\u0104CYM<br>ZWI\u0104ZKU ZAWODOWEGO PRACOWNIK\u00d3W HUTY \u201e\u0141AB\u0118DY\u201d SA<br>I CZES\u0141AWEM RYSIEM PRZEWODNICZ\u0104CYM MK NSZZ \u201eSOLIDARNO\u015a\u0106\u201d HUTY \u201e\u0141AB\u0118DY\u201d SA<\/strong><\/p>\n\n\n\n<p><strong>\u201eMH\u201d: Panowie Przewodnicz\u0105cy. We wrze\u015bniu minie rok od rozpocz\u0119cia przez stron\u0119 spo-\u0142eczn\u0105 hutniczych aktyw\u00f3w W\u0119glokoksu akcji protestacyjnej. Jakie s\u0105 jej efekty?<\/strong><\/p>\n\n\n\n<p><strong>&nbsp;&nbsp;&nbsp;&nbsp;&nbsp;&nbsp;&nbsp;&nbsp;&nbsp;&nbsp;&nbsp;&nbsp;&nbsp; A.Wilko\u0144:<\/strong> Na pocz\u0105tek naszej rozmowy chcia\u0142bym przypomnie\u0107 Czytelnikom dlaczego podj\u0119li\u015bmy dzia\u0142ania protestacyjne.<\/p>\n\n\n\n<p>&nbsp;&nbsp;&nbsp;&nbsp;&nbsp;&nbsp;&nbsp;&nbsp;&nbsp;&nbsp;&nbsp;&nbsp;&nbsp; Jedn\u0105 z g\u0142\u00f3wnych przyczyn by\u0142 brak reakcji w\u0142a\u015bciciela, czyli Ministerstwa Aktyw\u00f3w Pa\u0144stwowych na apele dotycz\u0105ce kwestii rozwoju ostatnich pa\u0144stwowych stalowych sp\u00f3\u0142ek nale\u017c\u0105cych do Grupy Kapita\u0142owej W\u0119glokoks. Mam tu na my\u015bli: Hut\u0119 Pok\u00f3j i sp\u00f3\u0142ki wchodz\u0105ce w jej sk\u0142ad, Walcowni\u0119 Blach Batory oraz Hut\u0119 \u201e\u0141ab\u0119dy\u201d.<\/p>\n\n\n\n<p>&nbsp;&nbsp;&nbsp;&nbsp;&nbsp;&nbsp;&nbsp;&nbsp;&nbsp;&nbsp;&nbsp;&nbsp;&nbsp; Jak ju\u017c wielokrotnie podkre\u015bla\u0142em, nie \u017c\u0105damy pieni\u0119dzy na wy\u017csze p\u0142ace czy premie. My chcemy jasnego planu rozwoju naszych firm i gwarancji finansowych na realizacje niezb\u0119dnych inwestycji. Ka\u017cda ze sp\u00f3\u0142ek ma inne problemy i priorytety, ale mamy wsp\u00f3lny cel jakim jest utrzymanie miejsc pracy i tradycji hutniczych na \u015al\u0105sku.<\/p>\n\n\n\n<p>&nbsp;&nbsp;&nbsp;&nbsp;&nbsp;&nbsp;&nbsp;&nbsp;&nbsp;&nbsp;&nbsp;&nbsp;&nbsp; Jako strona spo\u0142eczna jeste\u015bmy \u017cywo zainteresowani przysz\u0142o\u015bci\u0105 Huty \u201e\u0141ab\u0119dy\u201d i d\u0142ugofalow\u0105 strategi\u0105 pozwalaj\u0105c\u0105 na jej rozw\u00f3j. Tego brakuje, dlatego te\u017c chcieli\u015bmy, aby us\u0142yszano nasz g\u0142os w Warszawie, gdzie zapadaj\u0105 najwa\u017cniejsze decyzje. Nasze obawy o przysz\u0142o\u015b\u0107 nabra\u0142y szczeg\u00f3lnej wagi w kontek\u015bcie planowanego wygaszania kopal\u0144, co w przypadku Huty \u201e\u0141ab\u0119dy\u201d &#8211; wiod\u0105cego producenta obud\u00f3w i akcesori\u00f3w dla g\u00f3rnictwa, jest bardzo istotne.<\/p>\n\n\n\n<p>&nbsp;&nbsp;&nbsp;&nbsp;&nbsp;&nbsp;&nbsp;&nbsp;&nbsp;&nbsp;&nbsp;&nbsp;&nbsp; Wydarzenia ostatnich kilku miesi\u0119cy zwi\u0105zane z wojn\u0105 w Ukrainie oraz problemy surowcowe, zmieni\u0142y optyk\u0119 i jest szansa, \u017ce termin wygaszania kopal\u0144, kt\u00f3ry by\u0142 planowany na rok 2049 zostanie przesuni\u0119ty. Jednak trzeba pami\u0119ta\u0107, \u017ce ten dzie\u0144 pr\u0119dzej czy p\u00f3\u017aniej nast\u0105pi, a produkcja obud\u00f3w g\u00f3rni-czych, naszego sztandarowego pro-duktu, przez lata utrzymywa\u0142a nasz zak\u0142ad.<\/p>\n\n\n\n<p>&nbsp;&nbsp;&nbsp;&nbsp;&nbsp;&nbsp;&nbsp;&nbsp;&nbsp;&nbsp;&nbsp;&nbsp;&nbsp; Przez wiele miesi\u0119cy nie by\u0142o ze strony ministra Jacka Sasina reakcji na nasze pisma, listy ect. Dopiero oflagowanie zak\u0142ad\u00f3w i rozpocz\u0119cie akcji protestacyjnej zmusi\u0142o go, do oddelegowania przedstawiciela Ministerstwa Aktyw\u00f3w Pa\u0144stwowych do podj\u0119cia z nami rozm\u00f3w. W tym czasie nast\u0105pi\u0142y zmiany personalne. Podsekretarzem stanu odpowiedzialnym za g\u00f3rnictwo i hutnictwo zosta\u0142 Piotr Pyzik.<\/p>\n\n\n\n<p>&nbsp;&nbsp;&nbsp;&nbsp;&nbsp;&nbsp;&nbsp;&nbsp;&nbsp;&nbsp;&nbsp;&nbsp;&nbsp; <strong>Cz.Ry\u015b: <\/strong>Powiem szczerze, \u017ce wi\u0105zali\u015bmy ogromne nadzieje na zmian\u0119 postawy, szczeg\u00f3lnie, \u017ce nowy wiceminister jest z Gliwic i wydawa\u0142oby si\u0119, \u017ce Huta \u201e\u0141ab\u0119dy\u201d i jej problemy powinny by\u0107 bliskie jego sercu. Z przykro\u015bci\u0105 przekonali\u015bmy si\u0119, \u017ce tak niestety nie jest i bardzo nas to boli.<\/p>\n\n\n\n<p>&nbsp;&nbsp;&nbsp;&nbsp;&nbsp;&nbsp;&nbsp;&nbsp;&nbsp;&nbsp;&nbsp;&nbsp;&nbsp; Pewne pozytywne reakcje na nasz\u0105 akcj\u0119 protestacyjn\u0105 wreszcie si\u0119 pojawi\u0142y. Jest to jednak za ma\u0142o i oczekiwali\u015bmy wi\u0105\u017c\u0105cych decyzji dotycz\u0105cych rozwoju i przysz\u0142o\u015bci huty.<\/p>\n\n\n\n<p>&nbsp;&nbsp;&nbsp;&nbsp;&nbsp;&nbsp;&nbsp;&nbsp;&nbsp;&nbsp;&nbsp;&nbsp;&nbsp; Obiecano nam 560 mln z\u0142otych, kt\u00f3re mia\u0142y zosta\u0107 rozdzielone pomi\u0119dzy sp\u00f3\u0142ki stalowe Grupy W\u0119glokoksu i sam W\u0119glokoks. Jednak tylko na obietnicach na dzie\u0144 dzisiejszy si\u0119 sko\u0144czy\u0142o, a na ostat-nim spotkaniu w lipcu z wiceministrem&nbsp; ponownie nie by\u0142o \u017cadnych konkret\u00f3w.<\/p>\n\n\n\n<p>&nbsp;&nbsp;&nbsp;&nbsp;&nbsp;&nbsp;&nbsp;&nbsp;&nbsp;&nbsp;&nbsp;&nbsp;&nbsp; Postawa ministra bardzo nas zaniepokoi\u0142a i rozczarowa\u0142a. Jeste\u015b-my zdziwieni, \u017ce Piotr Pyzik po wielu latach dobrej wsp\u00f3\u0142pracy ze stron\u0105 spo\u0142eczn\u0105 tak \u0142atwo da\u0142 si\u0119 wprowadzi\u0107 w b\u0142\u0105d, zosta\u0142 negatyw-nie nastawiony do nas i zachowa\u0142 si\u0119 po prostu niegrzecznie.<\/p>\n\n\n\n<p><strong>&nbsp;&nbsp;&nbsp;&nbsp;&nbsp;&nbsp;&nbsp;&nbsp;&nbsp;&nbsp;&nbsp;&nbsp;&nbsp; \u201eMH\u201d: Huta \u0141ab\u0119dy to ceniony producent obud\u00f3w g\u00f3rniczych. Kilka lat temu uruchomiona zosta-\u0142a produkcja rur i kszta\u0142townik\u00f3w zimnogi\u0119tych, kt\u00f3re mia\u0142y zapew-ni\u0107 jej \u015bwietlan\u0105 przysz\u0142o\u015b\u0107\u2026<\/strong><\/p>\n\n\n\n<p>&nbsp;&nbsp;&nbsp;&nbsp;&nbsp;&nbsp;&nbsp;&nbsp;&nbsp;&nbsp;&nbsp;&nbsp;&nbsp; <strong>Cz.Ry\u015b:<\/strong> Faktycznie Huta \u201e\u0141ab\u0119dy\u201d za spraw\u0105 poprzednich zarz\u0105d\u00f3w, zosta\u0142a doinwestowana, ale aby mog\u0142a konkurowa\u0107 na rynku, a prze-de wszystkim wej\u015b\u0107 z nowymi pro-duktami potrzebuje sta\u0142ego rozwoju i co najmniej kilku nowych inwestycji. Chodzi o nowoczesne linie technologiczne umo\u017cliwiaj\u0105ce sprzeda\u017c wysokomar\u017cowego produktu. Dzi\u015b mo\u017cna z ca\u0142\u0105 stanowczo\u015bci\u0105 powiedzie\u0107, \u017ce budowa tzw. drugiej nogi jest jedynym ratunkiem dla kurcz\u0105cego si\u0119 rynku obud\u00f3w g\u00f3rniczych. Niestety od 2016 roku nie wida\u0107 w tym zakresie \u017cadnych nowych inwestycji. Rynek tymczasem oczekuje kompleksowej obs\u0142ugi i wysoko przetworzonego produktu, a nie p\u00f3\u0142wyrob\u00f3w. (&#8230;)<\/p>\n\n\n\n<p><strong>CA\u0141Y WYWIAD PRZECZYTASZ W NAJNOWSZYM WYDANIU &#8222;MH&#8221; 16\/2022<\/strong><\/p>\n","protected":false},"excerpt":{"rendered":"<p>ROZMOWA \u201eMH\u201d Z ARTUREM JACKIEM WILKONIEM PRZEWODNICZ\u0104CYMZWI\u0104ZKU ZAWODOWEGO PRACOWNIK\u00d3W HUTY \u201e\u0141AB\u0118DY\u201d SAI CZES\u0141AWEM RYSIEM PRZEWODNICZ\u0104CYM MK NSZZ \u201eSOLIDARNO\u015a\u0106\u201d HUTY \u201e\u0141AB\u0118DY\u201d<\/p>\n","protected":false},"author":1,"featured_media":0,"comment_status":"closed","ping_status":"closed","sticky":false,"template":"","format":"standard","meta":{"footnotes":""},"categories":[9,8],"tags":[],"class_list":["post-3320","post","type-post","status-publish","format-standard","hentry","category-aktualnosci","category-nasza-rozmowa"],"_links":{"self":[{"href":"https:\/\/e-mh.eu\/index.php\/wp-json\/wp\/v2\/posts\/3320","targetHints":{"allow":["GET"]}}],"collection":[{"href":"https:\/\/e-mh.eu\/index.php\/wp-json\/wp\/v2\/posts"}],"about":[{"href":"https:\/\/e-mh.eu\/index.php\/wp-json\/wp\/v2\/types\/post"}],"author":[{"embeddable":true,"href":"https:\/\/e-mh.eu\/index.php\/wp-json\/wp\/v2\/users\/1"}],"replies":[{"embeddable":true,"href":"https:\/\/e-mh.eu\/index.php\/wp-json\/wp\/v2\/comments?post=3320"}],"version-history":[{"count":2,"href":"https:\/\/e-mh.eu\/index.php\/wp-json\/wp\/v2\/posts\/3320\/revisions"}],"predecessor-version":[{"id":3322,"href":"https:\/\/e-mh.eu\/index.php\/wp-json\/wp\/v2\/posts\/3320\/revisions\/3322"}],"wp:attachment":[{"href":"https:\/\/e-mh.eu\/index.php\/wp-json\/wp\/v2\/media?parent=3320"}],"wp:term":[{"taxonomy":"category","embeddable":true,"href":"https:\/\/e-mh.eu\/index.php\/wp-json\/wp\/v2\/categories?post=3320"},{"taxonomy":"post_tag","embeddable":true,"href":"https:\/\/e-mh.eu\/index.php\/wp-json\/wp\/v2\/tags?post=3320"}],"curies":[{"name":"wp","href":"https:\/\/api.w.org\/{rel}","templated":true}]}}