{"id":3104,"date":"2022-04-11T07:10:00","date_gmt":"2022-04-11T05:10:00","guid":{"rendered":"https:\/\/e-mh.eu\/?p=3104"},"modified":"2022-04-08T10:13:10","modified_gmt":"2022-04-08T08:13:10","slug":"wojenne-konsekwencje-na-stalowym-rynku-czy-zabraknie-stali","status":"publish","type":"post","link":"https:\/\/e-mh.eu\/index.php\/2022\/04\/11\/wojenne-konsekwencje-na-stalowym-rynku-czy-zabraknie-stali\/","title":{"rendered":"WOJENNE KONSEKWENCJE NA STALOWYM RYNKU &#8211; CZY ZABRAKNIE STALI?"},"content":{"rendered":"\n<p><strong>O komentarz do bie\u017c\u0105cej sytuacji na rynku stalowym poprosili\u015bmy prezesa Hutniczej Izby Przemys\u0142owo-Handlowej Stefana Dzienniaka, kt\u00f3ry stwierdzi\u0142, \u017ce pierwszy szok i nerwowo\u015b\u0107 na rynku po rozpocz\u0119ciu dzia\u0142a\u0144 wojennych w Ukrainie oraz po wprowadzeniu embarga na stal z Rosji i Bia\u0142orusi mamy za sob\u0105 i sytuacja ustabilizowa\u0142a si\u0119.<\/strong><\/p>\n\n\n\n<p>&#8211; Komisja Europejska szybko zadzia\u0142a\u0142a przekazuj\u0105c dost\u0119pne limity safe guard\u00f3w pa\u0144stw obj\u0119tych sankcjami na pozosta\u0142ych graczy. Sytuacja jest opanowana i z mojej wiedzy nie ma problem\u00f3w z dost\u0119pno\u015bci\u0105 stali na rynku. Owszem jej ceny s\u0105 wysokie, ale jest to podyktowane wysokimi cenami surowc\u00f3w, z\u0142omu, w\u0119gla koksowego, gazu czy energii elektrycznej. Wszystkie te czynniki znalaz\u0142y prze\u0142o\u017cenie w cenach stali. W chwili obecnej trudno powiedzie\u0107 jak d\u0142ugo to potrwa. Pewne korekty s\u0105 mo\u017cliwe, ale trzeba pami\u0119ta\u0107, \u017ce producenci nie mog\u0105 sprzedawa\u0107 towaru poni\u017cej koszt\u00f3w produkcji. Pozytywnym sygna\u0142em jest spadek cen uprawnie\u0144 do emisji CO2. Od ko\u0144ca lutego ceny te utrzymuj\u0105 si\u0119 na poziomie oko\u0142o 80 euro za ton\u0119, a trzeba pami\u0119ta\u0107, \u017ce jeszcze pod koniec roku ubieg\u0142ego by\u0142o to ponad 100 euro.\u00a0 R\u00f3wnie\u017c ceny energii elektrycznej w Polsce s\u0105 ni\u017csze ani\u017celi u naszych najbli\u017cszych s\u0105siad\u00f3w. Dlatego te\u017c nie obawia\u0142bym si\u0119 o dost\u0119pno\u015b\u0107 stali na rynku &#8211; m\u00f3wi prezes Dzienniak.<\/p>\n","protected":false},"excerpt":{"rendered":"<p>O komentarz do bie\u017c\u0105cej sytuacji na rynku stalowym poprosili\u015bmy prezesa Hutniczej Izby Przemys\u0142owo-Handlowej Stefana Dzienniaka, kt\u00f3ry stwierdzi\u0142, \u017ce pierwszy szok<\/p>\n","protected":false},"author":1,"featured_media":0,"comment_status":"closed","ping_status":"closed","sticky":false,"template":"","format":"standard","meta":{"footnotes":""},"categories":[9],"tags":[],"class_list":["post-3104","post","type-post","status-publish","format-standard","hentry","category-aktualnosci"],"_links":{"self":[{"href":"https:\/\/e-mh.eu\/index.php\/wp-json\/wp\/v2\/posts\/3104","targetHints":{"allow":["GET"]}}],"collection":[{"href":"https:\/\/e-mh.eu\/index.php\/wp-json\/wp\/v2\/posts"}],"about":[{"href":"https:\/\/e-mh.eu\/index.php\/wp-json\/wp\/v2\/types\/post"}],"author":[{"embeddable":true,"href":"https:\/\/e-mh.eu\/index.php\/wp-json\/wp\/v2\/users\/1"}],"replies":[{"embeddable":true,"href":"https:\/\/e-mh.eu\/index.php\/wp-json\/wp\/v2\/comments?post=3104"}],"version-history":[{"count":1,"href":"https:\/\/e-mh.eu\/index.php\/wp-json\/wp\/v2\/posts\/3104\/revisions"}],"predecessor-version":[{"id":3105,"href":"https:\/\/e-mh.eu\/index.php\/wp-json\/wp\/v2\/posts\/3104\/revisions\/3105"}],"wp:attachment":[{"href":"https:\/\/e-mh.eu\/index.php\/wp-json\/wp\/v2\/media?parent=3104"}],"wp:term":[{"taxonomy":"category","embeddable":true,"href":"https:\/\/e-mh.eu\/index.php\/wp-json\/wp\/v2\/categories?post=3104"},{"taxonomy":"post_tag","embeddable":true,"href":"https:\/\/e-mh.eu\/index.php\/wp-json\/wp\/v2\/tags?post=3104"}],"curies":[{"name":"wp","href":"https:\/\/api.w.org\/{rel}","templated":true}]}}